{"id":1162,"date":"2021-07-30T14:27:41","date_gmt":"2021-07-30T12:27:41","guid":{"rendered":"https:\/\/www.yokohamatyre.be\/2021\/07\/30\/99-pikes-peak-international-hill-climb\/"},"modified":"2021-07-30T15:00:40","modified_gmt":"2021-07-30T13:00:40","slug":"99-pikes-peak-international-hill-climb","status":"publish","type":"post","link":"https:\/\/www.yokohamatyre.be\/fr\/99-pikes-peak-international-hill-climb\/","title":{"rendered":"99e course de c\u00f4te internationale de Pikes Peak"},"content":{"rendered":"\n<p>30 Juillet 2021<\/p>\n\n\n\n<h2 class=\"wp-block-heading\"><strong>Deux victoires de cat\u00e9gorie sur pneus YOKOHAMA lors de la \u00ab Race to the Clouds \u00bb.<\/strong><\/h2>\n\n\n\n<p>Lors de la r\u00e9cente course de c\u00f4te internationale de Pikes Peak, dans l&#8217;\u00c9tat am\u00e9ricain du Colorado, deux v\u00e9hicules \u00e9quip\u00e9s de pneus YOKOHAMA ont remport\u00e9 la victoire. Lors de la 99e \u00e9dition de la course de c\u00f4te, le fabricant de pneus a de nouveau remport\u00e9 un franc succ\u00e8s avec ses pneus ADVAN. Pour la quatri\u00e8me fois cons\u00e9cutive, YOKOHAMA a \u00e9galement \u00e9quip\u00e9 toutes les voitures Cayman GT4 Clubsport du \u00ab Porsche Pikes Peak Trophy by Yokohama \u00bb.<\/p>\n\n\n\n<p><br>La soci\u00e9t\u00e9 japonaise a fourni des pneus de course ADVAN A005 et A052 \u00e0 un total de 13 voitures qui ont particip\u00e9 avec succ\u00e8s \u00e0 la \u00ab Race to the Clouds \u00bb. Les vainqueurs de cat\u00e9gorie ont \u00e9t\u00e9 Raphael Astier avec la Porsche BBI Turbo Cup 2015 dans la cat\u00e9gorie Open et Randy Pobst avec sa Tesla Model S Plaid 2021 dans la cat\u00e9gorie Exhibition. Codie Vahsholtz a pris la deuxi\u00e8me place dans la cat\u00e9gorie Open Wheel. Tanner Foust errang unterdessen den ersten Platz in der \u201ePorsche Pikes Peak Trophy by Yokohama\u201c, bei der alle Teilnehmer im mit ADVAN-A052-Reifen ausgestatteten Porsche Cayman GT4 Clubsport antraten. Pendant ce temps, Tanner Foust a pris la premi\u00e8re place du \u00ab Porsche Pikes Peak Trophy by Yokohama \u00bb, dans lequel tous les participants ont concouru dans la Porsche Cayman GT4 Clubsport \u00e9quip\u00e9e de pneus ADVAN-A052.  <\/p>\n\n\n\n<figure class=\"wp-block-gallery columns-2 is-cropped wp-block-gallery-1 is-layout-flex wp-block-gallery-is-layout-flex\"><ul class=\"blocks-gallery-grid\"><li class=\"blocks-gallery-item\"><figure><img loading=\"lazy\" decoding=\"async\" width=\"950\" height=\"633\" src=\"http:\/\/www.yokohamatyre.be\/wp-content\/uploads\/sites\/8\/2021\/07\/Randy_Pobst_2021er_Tesla_Model_S_Plaid_2.jpg\" alt=\"\" data-id=\"1147\" data-full-url=\"http:\/\/www.yokohamatyre.be\/wp-content\/uploads\/sites\/8\/2021\/07\/Randy_Pobst_2021er_Tesla_Model_S_Plaid_2.jpg\" data-link=\"https:\/\/www.yokohamatyre.be\/?attachment_id=1147\" class=\"wp-image-1149\" srcset=\"https:\/\/www.yokohamatyre.be\/wp-content\/uploads\/sites\/8\/2021\/07\/Randy_Pobst_2021er_Tesla_Model_S_Plaid_2.jpg 950w, https:\/\/www.yokohamatyre.be\/wp-content\/uploads\/sites\/8\/2021\/07\/Randy_Pobst_2021er_Tesla_Model_S_Plaid_2-300x200.jpg 300w, https:\/\/www.yokohamatyre.be\/wp-content\/uploads\/sites\/8\/2021\/07\/Randy_Pobst_2021er_Tesla_Model_S_Plaid_2-768x512.jpg 768w\" sizes=\"auto, (max-width: 950px) 100vw, 950px\" \/><\/figure><\/li><li class=\"blocks-gallery-item\"><figure><img loading=\"lazy\" decoding=\"async\" width=\"950\" height=\"633\" src=\"http:\/\/www.yokohamatyre.be\/wp-content\/uploads\/sites\/8\/2021\/07\/Raphael_Astier_2015er_Porsche_BBI_Turbo_Cup.jpg\" alt=\"\" data-id=\"1150\" data-full-url=\"http:\/\/www.yokohamatyre.be\/wp-content\/uploads\/sites\/8\/2021\/07\/Raphael_Astier_2015er_Porsche_BBI_Turbo_Cup.jpg\" data-link=\"https:\/\/www.yokohamatyre.be\/?attachment_id=1150\" class=\"wp-image-1152\" srcset=\"https:\/\/www.yokohamatyre.be\/wp-content\/uploads\/sites\/8\/2021\/07\/Raphael_Astier_2015er_Porsche_BBI_Turbo_Cup.jpg 950w, https:\/\/www.yokohamatyre.be\/wp-content\/uploads\/sites\/8\/2021\/07\/Raphael_Astier_2015er_Porsche_BBI_Turbo_Cup-300x200.jpg 300w, https:\/\/www.yokohamatyre.be\/wp-content\/uploads\/sites\/8\/2021\/07\/Raphael_Astier_2015er_Porsche_BBI_Turbo_Cup-768x512.jpg 768w\" sizes=\"auto, (max-width: 950px) 100vw, 950px\" \/><\/figure><\/li><\/ul><\/figure>\n\n\n\n<figure class=\"wp-block-gallery columns-2 is-cropped wp-block-gallery-2 is-layout-flex wp-block-gallery-is-layout-flex\"><ul class=\"blocks-gallery-grid\"><li class=\"blocks-gallery-item\"><figure><img loading=\"lazy\" decoding=\"async\" width=\"1024\" height=\"683\" src=\"http:\/\/www.yokohamatyre.be\/wp-content\/uploads\/sites\/8\/2021\/07\/Codie_Vahsholtz_2013er_Ford_Open.jpg\" alt=\"\" data-id=\"1153\" data-full-url=\"http:\/\/www.yokohamatyre.be\/wp-content\/uploads\/sites\/8\/2021\/07\/Codie_Vahsholtz_2013er_Ford_Open.jpg\" data-link=\"https:\/\/www.yokohamatyre.be\/?attachment_id=1153\" class=\"wp-image-1155\" srcset=\"https:\/\/www.yokohamatyre.be\/wp-content\/uploads\/sites\/8\/2021\/07\/Codie_Vahsholtz_2013er_Ford_Open.jpg 1024w, https:\/\/www.yokohamatyre.be\/wp-content\/uploads\/sites\/8\/2021\/07\/Codie_Vahsholtz_2013er_Ford_Open-300x200.jpg 300w, https:\/\/www.yokohamatyre.be\/wp-content\/uploads\/sites\/8\/2021\/07\/Codie_Vahsholtz_2013er_Ford_Open-768x512.jpg 768w\" sizes=\"auto, (max-width: 1024px) 100vw, 1024px\" \/><\/figure><\/li><li class=\"blocks-gallery-item\"><figure><img loading=\"lazy\" decoding=\"async\" width=\"950\" height=\"633\" src=\"http:\/\/www.yokohamatyre.be\/wp-content\/uploads\/sites\/8\/2021\/07\/Randy_Pobst_2021er_Tesla_Model_S_Plaid_1.jpg\" alt=\"\" data-id=\"1156\" data-full-url=\"http:\/\/www.yokohamatyre.be\/wp-content\/uploads\/sites\/8\/2021\/07\/Randy_Pobst_2021er_Tesla_Model_S_Plaid_1.jpg\" data-link=\"https:\/\/www.yokohamatyre.be\/?attachment_id=1156\" class=\"wp-image-1158\" srcset=\"https:\/\/www.yokohamatyre.be\/wp-content\/uploads\/sites\/8\/2021\/07\/Randy_Pobst_2021er_Tesla_Model_S_Plaid_1.jpg 950w, https:\/\/www.yokohamatyre.be\/wp-content\/uploads\/sites\/8\/2021\/07\/Randy_Pobst_2021er_Tesla_Model_S_Plaid_1-300x200.jpg 300w, https:\/\/www.yokohamatyre.be\/wp-content\/uploads\/sites\/8\/2021\/07\/Randy_Pobst_2021er_Tesla_Model_S_Plaid_1-768x512.jpg 768w\" sizes=\"auto, (max-width: 950px) 100vw, 950px\" \/><\/figure><\/li><\/ul><\/figure>\n\n\n\n<style type=\"text\/css\">\n.post-content {\n\tmax-width: 992px;\n}\n<\/style>\n","protected":false},"excerpt":{"rendered":"<p>30 Juillet 2021 Deux victoires de cat\u00e9gorie sur pneus YOKOHAMA lors de la \u00ab Race to the Clouds \u00bb. Lors de la r\u00e9cente course de c\u00f4te internationale de Pikes Peak, dans l&#8217;\u00c9tat am\u00e9ricain du Colorado, deux v\u00e9hicules \u00e9quip\u00e9s de pneus YOKOHAMA ont remport\u00e9 la victoire. Lors de la 99e \u00e9dition<\/p>\n","protected":false},"author":1,"featured_media":0,"comment_status":"closed","ping_status":"closed","sticky":false,"template":"","format":"standard","meta":{"footnotes":""},"categories":[14],"tags":[],"class_list":["post-1162","post","type-post","status-publish","format-standard","hentry","category-non-classifiee"],"yoast_head":"<!-- This site is optimized with the Yoast SEO plugin v27.2 - https:\/\/yoast.com\/product\/yoast-seo-wordpress\/ -->\n<title>99e course de c\u00f4te internationale de Pikes Peak - YOKOHAMA BE<\/title>\n<meta name=\"robots\" content=\"index, follow, max-snippet:-1, max-image-preview:large, max-video-preview:-1\" \/>\n<link rel=\"canonical\" href=\"https:\/\/www.yokohamatyre.be\/fr\/99-pikes-peak-international-hill-climb\/\" \/>\n<meta property=\"og:locale\" content=\"fr_FR\" \/>\n<meta property=\"og:type\" content=\"article\" \/>\n<meta property=\"og:title\" content=\"99e course de c\u00f4te internationale de Pikes Peak - YOKOHAMA BE\" \/>\n<meta property=\"og:description\" content=\"30 Juillet 2021 Deux victoires de cat\u00e9gorie sur pneus YOKOHAMA lors de la \u00ab Race to the Clouds \u00bb. Lors de la r\u00e9cente course de c\u00f4te internationale de Pikes Peak, dans l&#8217;\u00c9tat am\u00e9ricain du Colorado, deux v\u00e9hicules \u00e9quip\u00e9s de pneus YOKOHAMA ont remport\u00e9 la victoire. Lors de la 99e \u00e9dition\" \/>\n<meta property=\"og:url\" content=\"https:\/\/www.yokohamatyre.be\/fr\/99-pikes-peak-international-hill-climb\/\" \/>\n<meta property=\"og:site_name\" content=\"YOKOHAMA BE\" \/>\n<meta property=\"article:published_time\" content=\"2021-07-30T12:27:41+00:00\" \/>\n<meta property=\"article:modified_time\" content=\"2021-07-30T13:00:40+00:00\" \/>\n<meta property=\"og:image\" content=\"http:\/\/www.yokohamatyre.be\/wp-content\/uploads\/sites\/8\/2021\/07\/Randy_Pobst_2021er_Tesla_Model_S_Plaid_2.jpg\" \/>\n<meta name=\"author\" content=\"Birgitta Sreball\" \/>\n<meta name=\"twitter:card\" content=\"summary_large_image\" \/>\n<meta name=\"twitter:label1\" content=\"\u00c9crit par\" \/>\n\t<meta name=\"twitter:data1\" content=\"Birgitta Sreball\" \/>\n\t<meta name=\"twitter:label2\" content=\"Dur\u00e9e de lecture est.\" \/>\n\t<meta name=\"twitter:data2\" content=\"1 minute\" \/>\n<script type=\"application\/ld+json\" class=\"yoast-schema-graph\">{\"@context\":\"https:\/\/schema.org\",\"@graph\":[{\"@type\":\"Article\",\"@id\":\"https:\/\/www.yokohamatyre.be\/fr\/99-pikes-peak-international-hill-climb\/#article\",\"isPartOf\":{\"@id\":\"https:\/\/www.yokohamatyre.be\/fr\/99-pikes-peak-international-hill-climb\/\"},\"author\":{\"name\":\"Birgitta Sreball\",\"@id\":\"https:\/\/www.yokohamatyre.be\/#\/schema\/person\/e0b60040df546501e27ff1ccc8bf015b\"},\"headline\":\"99e course de c\u00f4te internationale de Pikes Peak\",\"datePublished\":\"2021-07-30T12:27:41+00:00\",\"dateModified\":\"2021-07-30T13:00:40+00:00\",\"mainEntityOfPage\":{\"@id\":\"https:\/\/www.yokohamatyre.be\/fr\/99-pikes-peak-international-hill-climb\/\"},\"wordCount\":250,\"publisher\":{\"@id\":\"https:\/\/www.yokohamatyre.be\/#organization\"},\"image\":{\"@id\":\"https:\/\/www.yokohamatyre.be\/fr\/99-pikes-peak-international-hill-climb\/#primaryimage\"},\"thumbnailUrl\":\"http:\/\/www.yokohamatyre.be\/wp-content\/uploads\/sites\/8\/2021\/07\/Randy_Pobst_2021er_Tesla_Model_S_Plaid_2.jpg\",\"articleSection\":[\"Non classifi\u00e9(e)\"],\"inLanguage\":\"fr-BE\"},{\"@type\":\"WebPage\",\"@id\":\"https:\/\/www.yokohamatyre.be\/fr\/99-pikes-peak-international-hill-climb\/\",\"url\":\"https:\/\/www.yokohamatyre.be\/fr\/99-pikes-peak-international-hill-climb\/\",\"name\":\"99e course de c\u00f4te internationale de Pikes Peak - YOKOHAMA BE\",\"isPartOf\":{\"@id\":\"https:\/\/www.yokohamatyre.be\/#website\"},\"primaryImageOfPage\":{\"@id\":\"https:\/\/www.yokohamatyre.be\/fr\/99-pikes-peak-international-hill-climb\/#primaryimage\"},\"image\":{\"@id\":\"https:\/\/www.yokohamatyre.be\/fr\/99-pikes-peak-international-hill-climb\/#primaryimage\"},\"thumbnailUrl\":\"http:\/\/www.yokohamatyre.be\/wp-content\/uploads\/sites\/8\/2021\/07\/Randy_Pobst_2021er_Tesla_Model_S_Plaid_2.jpg\",\"datePublished\":\"2021-07-30T12:27:41+00:00\",\"dateModified\":\"2021-07-30T13:00:40+00:00\",\"breadcrumb\":{\"@id\":\"https:\/\/www.yokohamatyre.be\/fr\/99-pikes-peak-international-hill-climb\/#breadcrumb\"},\"inLanguage\":\"fr-BE\",\"potentialAction\":[{\"@type\":\"ReadAction\",\"target\":[\"https:\/\/www.yokohamatyre.be\/fr\/99-pikes-peak-international-hill-climb\/\"]}]},{\"@type\":\"ImageObject\",\"inLanguage\":\"fr-BE\",\"@id\":\"https:\/\/www.yokohamatyre.be\/fr\/99-pikes-peak-international-hill-climb\/#primaryimage\",\"url\":\"http:\/\/www.yokohamatyre.be\/wp-content\/uploads\/sites\/8\/2021\/07\/Randy_Pobst_2021er_Tesla_Model_S_Plaid_2.jpg\",\"contentUrl\":\"http:\/\/www.yokohamatyre.be\/wp-content\/uploads\/sites\/8\/2021\/07\/Randy_Pobst_2021er_Tesla_Model_S_Plaid_2.jpg\"},{\"@type\":\"BreadcrumbList\",\"@id\":\"https:\/\/www.yokohamatyre.be\/fr\/99-pikes-peak-international-hill-climb\/#breadcrumb\",\"itemListElement\":[{\"@type\":\"ListItem\",\"position\":1,\"name\":\"Startseite\",\"item\":\"https:\/\/www.yokohamatyre.be\/fr\/\"},{\"@type\":\"ListItem\",\"position\":2,\"name\":\"99e course de c\u00f4te internationale de Pikes Peak\"}]},{\"@type\":\"WebSite\",\"@id\":\"https:\/\/www.yokohamatyre.be\/#website\",\"url\":\"https:\/\/www.yokohamatyre.be\/\",\"name\":\"YOKOHAMA BE\",\"description\":\"Eine weitere YOKOHAMA Websites Website\",\"publisher\":{\"@id\":\"https:\/\/www.yokohamatyre.be\/#organization\"},\"potentialAction\":[{\"@type\":\"SearchAction\",\"target\":{\"@type\":\"EntryPoint\",\"urlTemplate\":\"https:\/\/www.yokohamatyre.be\/?s={search_term_string}\"},\"query-input\":{\"@type\":\"PropertyValueSpecification\",\"valueRequired\":true,\"valueName\":\"search_term_string\"}}],\"inLanguage\":\"fr-BE\"},{\"@type\":\"Organization\",\"@id\":\"https:\/\/www.yokohamatyre.be\/#organization\",\"name\":\"YOKOHAMA BE\",\"url\":\"https:\/\/www.yokohamatyre.be\/\",\"logo\":{\"@type\":\"ImageObject\",\"inLanguage\":\"fr-BE\",\"@id\":\"https:\/\/www.yokohamatyre.be\/#\/schema\/logo\/image\/\",\"url\":\"https:\/\/www.yokohamatyre.be\/wp-content\/uploads\/sites\/8\/2023\/02\/rn-logo.png\",\"contentUrl\":\"https:\/\/www.yokohamatyre.be\/wp-content\/uploads\/sites\/8\/2023\/02\/rn-logo.png\",\"width\":376,\"height\":54,\"caption\":\"YOKOHAMA BE\"},\"image\":{\"@id\":\"https:\/\/www.yokohamatyre.be\/#\/schema\/logo\/image\/\"}},{\"@type\":\"Person\",\"@id\":\"https:\/\/www.yokohamatyre.be\/#\/schema\/person\/e0b60040df546501e27ff1ccc8bf015b\",\"name\":\"Birgitta Sreball\",\"sameAs\":[\"https:\/\/yokohama-online.net\"],\"url\":\"https:\/\/www.yokohamatyre.be\/fr\/author\/wp_6bq4jdbs\/\"}]}<\/script>\n<!-- \/ Yoast SEO plugin. -->","yoast_head_json":{"title":"99e course de c\u00f4te internationale de Pikes Peak - YOKOHAMA BE","robots":{"index":"index","follow":"follow","max-snippet":"max-snippet:-1","max-image-preview":"max-image-preview:large","max-video-preview":"max-video-preview:-1"},"canonical":"https:\/\/www.yokohamatyre.be\/fr\/99-pikes-peak-international-hill-climb\/","og_locale":"fr_FR","og_type":"article","og_title":"99e course de c\u00f4te internationale de Pikes Peak - YOKOHAMA BE","og_description":"30 Juillet 2021 Deux victoires de cat\u00e9gorie sur pneus YOKOHAMA lors de la \u00ab Race to the Clouds \u00bb. Lors de la r\u00e9cente course de c\u00f4te internationale de Pikes Peak, dans l&#8217;\u00c9tat am\u00e9ricain du Colorado, deux v\u00e9hicules \u00e9quip\u00e9s de pneus YOKOHAMA ont remport\u00e9 la victoire. Lors de la 99e \u00e9dition","og_url":"https:\/\/www.yokohamatyre.be\/fr\/99-pikes-peak-international-hill-climb\/","og_site_name":"YOKOHAMA BE","article_published_time":"2021-07-30T12:27:41+00:00","article_modified_time":"2021-07-30T13:00:40+00:00","og_image":[{"url":"http:\/\/www.yokohamatyre.be\/wp-content\/uploads\/sites\/8\/2021\/07\/Randy_Pobst_2021er_Tesla_Model_S_Plaid_2.jpg","type":"","width":"","height":""}],"author":"Birgitta Sreball","twitter_card":"summary_large_image","twitter_misc":{"\u00c9crit par":"Birgitta Sreball","Dur\u00e9e de lecture est.":"1 minute"},"schema":{"@context":"https:\/\/schema.org","@graph":[{"@type":"Article","@id":"https:\/\/www.yokohamatyre.be\/fr\/99-pikes-peak-international-hill-climb\/#article","isPartOf":{"@id":"https:\/\/www.yokohamatyre.be\/fr\/99-pikes-peak-international-hill-climb\/"},"author":{"name":"Birgitta Sreball","@id":"https:\/\/www.yokohamatyre.be\/#\/schema\/person\/e0b60040df546501e27ff1ccc8bf015b"},"headline":"99e course de c\u00f4te internationale de Pikes Peak","datePublished":"2021-07-30T12:27:41+00:00","dateModified":"2021-07-30T13:00:40+00:00","mainEntityOfPage":{"@id":"https:\/\/www.yokohamatyre.be\/fr\/99-pikes-peak-international-hill-climb\/"},"wordCount":250,"publisher":{"@id":"https:\/\/www.yokohamatyre.be\/#organization"},"image":{"@id":"https:\/\/www.yokohamatyre.be\/fr\/99-pikes-peak-international-hill-climb\/#primaryimage"},"thumbnailUrl":"http:\/\/www.yokohamatyre.be\/wp-content\/uploads\/sites\/8\/2021\/07\/Randy_Pobst_2021er_Tesla_Model_S_Plaid_2.jpg","articleSection":["Non classifi\u00e9(e)"],"inLanguage":"fr-BE"},{"@type":"WebPage","@id":"https:\/\/www.yokohamatyre.be\/fr\/99-pikes-peak-international-hill-climb\/","url":"https:\/\/www.yokohamatyre.be\/fr\/99-pikes-peak-international-hill-climb\/","name":"99e course de c\u00f4te internationale de Pikes Peak - YOKOHAMA BE","isPartOf":{"@id":"https:\/\/www.yokohamatyre.be\/#website"},"primaryImageOfPage":{"@id":"https:\/\/www.yokohamatyre.be\/fr\/99-pikes-peak-international-hill-climb\/#primaryimage"},"image":{"@id":"https:\/\/www.yokohamatyre.be\/fr\/99-pikes-peak-international-hill-climb\/#primaryimage"},"thumbnailUrl":"http:\/\/www.yokohamatyre.be\/wp-content\/uploads\/sites\/8\/2021\/07\/Randy_Pobst_2021er_Tesla_Model_S_Plaid_2.jpg","datePublished":"2021-07-30T12:27:41+00:00","dateModified":"2021-07-30T13:00:40+00:00","breadcrumb":{"@id":"https:\/\/www.yokohamatyre.be\/fr\/99-pikes-peak-international-hill-climb\/#breadcrumb"},"inLanguage":"fr-BE","potentialAction":[{"@type":"ReadAction","target":["https:\/\/www.yokohamatyre.be\/fr\/99-pikes-peak-international-hill-climb\/"]}]},{"@type":"ImageObject","inLanguage":"fr-BE","@id":"https:\/\/www.yokohamatyre.be\/fr\/99-pikes-peak-international-hill-climb\/#primaryimage","url":"http:\/\/www.yokohamatyre.be\/wp-content\/uploads\/sites\/8\/2021\/07\/Randy_Pobst_2021er_Tesla_Model_S_Plaid_2.jpg","contentUrl":"http:\/\/www.yokohamatyre.be\/wp-content\/uploads\/sites\/8\/2021\/07\/Randy_Pobst_2021er_Tesla_Model_S_Plaid_2.jpg"},{"@type":"BreadcrumbList","@id":"https:\/\/www.yokohamatyre.be\/fr\/99-pikes-peak-international-hill-climb\/#breadcrumb","itemListElement":[{"@type":"ListItem","position":1,"name":"Startseite","item":"https:\/\/www.yokohamatyre.be\/fr\/"},{"@type":"ListItem","position":2,"name":"99e course de c\u00f4te internationale de Pikes Peak"}]},{"@type":"WebSite","@id":"https:\/\/www.yokohamatyre.be\/#website","url":"https:\/\/www.yokohamatyre.be\/","name":"YOKOHAMA BE","description":"Eine weitere YOKOHAMA Websites Website","publisher":{"@id":"https:\/\/www.yokohamatyre.be\/#organization"},"potentialAction":[{"@type":"SearchAction","target":{"@type":"EntryPoint","urlTemplate":"https:\/\/www.yokohamatyre.be\/?s={search_term_string}"},"query-input":{"@type":"PropertyValueSpecification","valueRequired":true,"valueName":"search_term_string"}}],"inLanguage":"fr-BE"},{"@type":"Organization","@id":"https:\/\/www.yokohamatyre.be\/#organization","name":"YOKOHAMA BE","url":"https:\/\/www.yokohamatyre.be\/","logo":{"@type":"ImageObject","inLanguage":"fr-BE","@id":"https:\/\/www.yokohamatyre.be\/#\/schema\/logo\/image\/","url":"https:\/\/www.yokohamatyre.be\/wp-content\/uploads\/sites\/8\/2023\/02\/rn-logo.png","contentUrl":"https:\/\/www.yokohamatyre.be\/wp-content\/uploads\/sites\/8\/2023\/02\/rn-logo.png","width":376,"height":54,"caption":"YOKOHAMA BE"},"image":{"@id":"https:\/\/www.yokohamatyre.be\/#\/schema\/logo\/image\/"}},{"@type":"Person","@id":"https:\/\/www.yokohamatyre.be\/#\/schema\/person\/e0b60040df546501e27ff1ccc8bf015b","name":"Birgitta Sreball","sameAs":["https:\/\/yokohama-online.net"],"url":"https:\/\/www.yokohamatyre.be\/fr\/author\/wp_6bq4jdbs\/"}]}},"_links":{"self":[{"href":"https:\/\/www.yokohamatyre.be\/fr\/wp-json\/wp\/v2\/posts\/1162","targetHints":{"allow":["GET"]}}],"collection":[{"href":"https:\/\/www.yokohamatyre.be\/fr\/wp-json\/wp\/v2\/posts"}],"about":[{"href":"https:\/\/www.yokohamatyre.be\/fr\/wp-json\/wp\/v2\/types\/post"}],"author":[{"embeddable":true,"href":"https:\/\/www.yokohamatyre.be\/fr\/wp-json\/wp\/v2\/users\/1"}],"replies":[{"embeddable":true,"href":"https:\/\/www.yokohamatyre.be\/fr\/wp-json\/wp\/v2\/comments?post=1162"}],"version-history":[{"count":8,"href":"https:\/\/www.yokohamatyre.be\/fr\/wp-json\/wp\/v2\/posts\/1162\/revisions"}],"predecessor-version":[{"id":1191,"href":"https:\/\/www.yokohamatyre.be\/fr\/wp-json\/wp\/v2\/posts\/1162\/revisions\/1191"}],"wp:attachment":[{"href":"https:\/\/www.yokohamatyre.be\/fr\/wp-json\/wp\/v2\/media?parent=1162"}],"wp:term":[{"taxonomy":"category","embeddable":true,"href":"https:\/\/www.yokohamatyre.be\/fr\/wp-json\/wp\/v2\/categories?post=1162"},{"taxonomy":"post_tag","embeddable":true,"href":"https:\/\/www.yokohamatyre.be\/fr\/wp-json\/wp\/v2\/tags?post=1162"}],"curies":[{"name":"wp","href":"https:\/\/api.w.org\/{rel}","templated":true}]}}